{"id":216,"date":"2024-08-18T22:26:38","date_gmt":"2024-08-18T22:26:38","guid":{"rendered":"https:\/\/www.inf.ufrgs.br\/gt-impacto\/?p=216"},"modified":"2024-08-18T22:42:13","modified_gmt":"2024-08-18T22:42:13","slug":"reuniao-tecnica-e-alinhamento-estrategico","status":"publish","type":"post","link":"https:\/\/www.inf.ufrgs.br\/gt-impacto\/index.php\/2024\/08\/18\/reuniao-tecnica-e-alinhamento-estrategico\/","title":{"rendered":"Reuni\u00e3o T\u00e9cnica e Alinhamento Estrat\u00e9gico"},"content":{"rendered":"\n<p>No dia 16\/08\/2024 tivemos uma reuni\u00e3o de discuss\u00f5es t\u00e9cnicas e defini\u00e7\u00e3o de direita\u00e7\u00f5es juntamente com a coordena\u00e7\u00e3o, equipe de desenvolvimento e colaboradores volunt\u00e1rios do GT-IMPACTO. A reuni\u00e3o t\u00e9cnica aconteceu no <a href=\"https:\/\/inf.ufrgs.br\">Instituto de Inform\u00e1tica<\/a> da Universidade Federal do Rio Grande do Sul (UFRGS) e foi um importante marco de alinhamento estrat\u00e9gico e tamb\u00e9m de confraterniza\u00e7\u00e3o entre os participantes do projeto. Segue abaixo foto dos participantes da reuni\u00e3o.<\/p>\n\n\n\n<figure class=\"wp-block-image size-full\"><img loading=\"lazy\" decoding=\"async\" width=\"947\" height=\"773\" src=\"https:\/\/www.inf.ufrgs.br\/gt-impacto\/wp-content\/uploads\/2024\/08\/equipe-1.jpg\" alt=\"\" class=\"wp-image-218\" srcset=\"https:\/\/www.inf.ufrgs.br\/gt-impacto\/wp-content\/uploads\/2024\/08\/equipe-1.jpg 947w, https:\/\/www.inf.ufrgs.br\/gt-impacto\/wp-content\/uploads\/2024\/08\/equipe-1-300x245.jpg 300w, https:\/\/www.inf.ufrgs.br\/gt-impacto\/wp-content\/uploads\/2024\/08\/equipe-1-768x627.jpg 768w\" sizes=\"(max-width: 947px) 100vw, 947px\" \/><\/figure>\n\n\n\n<p><strong>Da esquerda para a direita:<\/strong> Geancarlo Kozenieski, Tatiana Pacheco, Laura Soares, J\u00e9ferson Nobre, Muriel Franco, Eder Scheid, Henrique Lindemann, Jo\u00e3o Davi Nunes<\/p>\n","protected":false},"excerpt":{"rendered":"<p>No dia 16\/08\/2024 tivemos uma reuni\u00e3o de discuss\u00f5es t\u00e9cnicas e defini\u00e7\u00e3o de direita\u00e7\u00f5es juntamente com a coordena\u00e7\u00e3o, equipe de desenvolvimento e colaboradores volunt\u00e1rios do GT-IMPACTO. A reuni\u00e3o t\u00e9cnica aconteceu no Instituto de Inform\u00e1tica da Universidade Federal do Rio Grande do Sul (UFRGS) e foi um importante marco de alinhamento estrat\u00e9gico e tamb\u00e9m de confraterniza\u00e7\u00e3o entre&hellip;&nbsp;<a href=\"https:\/\/www.inf.ufrgs.br\/gt-impacto\/index.php\/2024\/08\/18\/reuniao-tecnica-e-alinhamento-estrategico\/\" class=\"\" rel=\"bookmark\">Read More &raquo;<span class=\"screen-reader-text\">Reuni\u00e3o T\u00e9cnica e Alinhamento Estrat\u00e9gico<\/span><\/a><\/p>\n","protected":false},"author":1,"featured_media":0,"comment_status":"closed","ping_status":"closed","sticky":false,"template":"","format":"standard","meta":{"neve_meta_sidebar":"","neve_meta_container":"","neve_meta_enable_content_width":"","neve_meta_content_width":0,"neve_meta_title_alignment":"","neve_meta_author_avatar":"","neve_post_elements_order":"[\"content\"]","neve_meta_disable_header":"","neve_meta_disable_footer":"","neve_meta_disable_title":"","footnotes":""},"categories":[1],"tags":[],"_links":{"self":[{"href":"https:\/\/www.inf.ufrgs.br\/gt-impacto\/index.php\/wp-json\/wp\/v2\/posts\/216"}],"collection":[{"href":"https:\/\/www.inf.ufrgs.br\/gt-impacto\/index.php\/wp-json\/wp\/v2\/posts"}],"about":[{"href":"https:\/\/www.inf.ufrgs.br\/gt-impacto\/index.php\/wp-json\/wp\/v2\/types\/post"}],"author":[{"embeddable":true,"href":"https:\/\/www.inf.ufrgs.br\/gt-impacto\/index.php\/wp-json\/wp\/v2\/users\/1"}],"replies":[{"embeddable":true,"href":"https:\/\/www.inf.ufrgs.br\/gt-impacto\/index.php\/wp-json\/wp\/v2\/comments?post=216"}],"version-history":[{"count":4,"href":"https:\/\/www.inf.ufrgs.br\/gt-impacto\/index.php\/wp-json\/wp\/v2\/posts\/216\/revisions"}],"predecessor-version":[{"id":227,"href":"https:\/\/www.inf.ufrgs.br\/gt-impacto\/index.php\/wp-json\/wp\/v2\/posts\/216\/revisions\/227"}],"wp:attachment":[{"href":"https:\/\/www.inf.ufrgs.br\/gt-impacto\/index.php\/wp-json\/wp\/v2\/media?parent=216"}],"wp:term":[{"taxonomy":"category","embeddable":true,"href":"https:\/\/www.inf.ufrgs.br\/gt-impacto\/index.php\/wp-json\/wp\/v2\/categories?post=216"},{"taxonomy":"post_tag","embeddable":true,"href":"https:\/\/www.inf.ufrgs.br\/gt-impacto\/index.php\/wp-json\/wp\/v2\/tags?post=216"}],"curies":[{"name":"wp","href":"https:\/\/api.w.org\/{rel}","templated":true}]}}